{"id":589,"date":"2025-06-28T19:19:11","date_gmt":"2025-06-28T19:19:11","guid":{"rendered":"https:\/\/www.247sportnieuws.nl\/?p=589"},"modified":"2025-06-28T19:26:18","modified_gmt":"2025-06-28T19:26:18","slug":"milambo-tekent-tot-2030-bij-brentford-feyenoord-casht-minimaal-e20-miljoen","status":"publish","type":"post","link":"https:\/\/www.247sportnieuws.nl\/index.php\/2025\/06\/28\/milambo-tekent-tot-2030-bij-brentford-feyenoord-casht-minimaal-e20-miljoen\/","title":{"rendered":"Milambo tekent tot 2030 bij Brentford \u2013 Feyenoord casht minimaal \u20ac20 miljoen"},"content":{"rendered":"\n<p>ROTTERDAM \u2013 De kogel is door de kerk: Antoni Milambo (20) vervolgt zijn loopbaan in de Premier League. De middenvelder ondertekende donderdag een vijfjarig contract bij Brentford FC, tot de zomer van 2030. Feyenoord ontvangt een gegarandeerde transfersom van \u20ac20 miljoen, oplopend tot \u20ac25 miljoen via prestatiebonussen. Bovendien bedong technisch directeur Dennis te Kloese een doorverkooppercentage van 15 %, waarmee de Rotterdammers ook bij een toekomstige toptransfer meedelen in de winst.<\/p>\n\n\n\n<h3 class=\"wp-block-heading\">Van Charlois naar Champions League-sensatie<\/h3>\n\n\n\n<p>Milambo sloot zich op zijn negende aan bij de Feyenoord-academie, nadat hij was opgemerkt bij amateurclub SV Charlois. Onder Arne Slot debuteerde hij in het seizoen 2022\/23, maar pas vorig jaar, onder Brian Priske, groeide hij uit tot vaste basisspeler. Hij speelde 46 offici\u00eble duels, was goed voor 9 doelpunten en 11 assists en maakte vooral indruk door in de Champions League te scoren tegen Girona \u00e9n Benfica. In dat duel in Lissabon werd hij door UEFA verkozen tot \u201cPlayer of the Match\u201d.<\/p>\n\n\n\n<h3 class=\"wp-block-heading\">Snelle slag uit Londen<\/h3>\n\n\n\n<p>Met clubs als Bayer Leverkusen, AC Milan en Atl\u00e9tico Madrid op het vinkentouw, schakelde Brentford razendsnel door. Sportief directeur Lee Dykes reisde persoonlijk naar Slowakije, waar Milambo met Jong Oranje de finale van het EK Onder-21 speelde (verlies na strafschoppen tegen Itali\u00eb). Nog v\u00f3\u00f3r de eindstrijd werd de medische keuring in Bratislava afgerond, waarna de handtekeningen vandaag in Londen werden gezet.<\/p>\n\n\n\n<p><em>\u201cBrentford toont al drie jaar interesse,\u201d<\/em>&nbsp;zegt Milambo.&nbsp;<em>\u201cHun datagedreven aanpak en het plan om mij als \u20188\u2019 \u00e9n als aanvallende \u201810\u2019 te gebruiken gaven de doorslag. Dat Feyenoord netjes beloond wordt, maakt het perfect.\u201d<\/em><\/p>\n\n\n\n<h3 class=\"wp-block-heading\">Reactie Feyenoord: ruimte \u00e9n centen<\/h3>\n\n\n\n<p>Trainer Robin van Persie zag Milambo bij voorkeur blijven, maar respecteert de keuze:<\/p>\n\n\n\n<p><em>\u201cAntoni kan op zes, acht \u00e9n tien spelen \u2013 dat polyvalente profiel vind je niet zomaar. Maar zijn vertrek geeft ons budget om gericht door te selecteren.\u201d<\/em><\/p>\n\n\n\n<p>Van Persie doelt op de openstaande vacature linkermiddenveld \u00e9n de noodzaak om Champions-League-klaar te zijn. De eerste gesprekken met de Deense controlerende middenvelder Gustav Isaksen (FC Midtjylland) zouden al zijn gevoerd, net als met Excelsior-aanvoerder Couhaib Driouech.<\/p>\n\n\n\n<center><iframe width=\"770\" height=\"435\" data-src=\"https:\/\/www.youtube.com\/embed\/kErv-KOgbk0?si=aKnUkspoHvjONR5q\" title=\"YouTube video player\" frameborder=\"0\" allow=\"accelerometer; autoplay; clipboard-write; encrypted-media; gyroscope; picture-in-picture; web-share\" referrerpolicy=\"strict-origin-when-cross-origin\" allowfullscreen src=\"data:image\/svg+xml;base64,PHN2ZyB3aWR0aD0iMSIgaGVpZ2h0PSIxIiB4bWxucz0iaHR0cDovL3d3dy53My5vcmcvMjAwMC9zdmciPjwvc3ZnPg==\" class=\"lazyload\" data-load-mode=\"1\"><\/iframe><\/center>\n\n\n\n<h3 class=\"wp-block-heading\">Financi\u00ebn in kaart tot nu toe<\/h3>\n\n\n\n<figure class=\"wp-block-table\"><table class=\"has-fixed-layout\"><thead><tr><th>Uitgaande transfers zomer 2025<\/th><th>Bedrag<\/th><\/tr><\/thead><tbody><tr><td>Antoni Milambo \u2192 Brentford<\/td><td>\u20ac20 m (+ bonussen)<\/td><\/tr><tr><td>Quilindschy Hartman \u2192 Burnley<\/td><td>\u20ac12 m<\/td><\/tr><tr><td><em>Totaal (garandeerd)<\/em><\/td><td><strong>\u20ac32 m<\/strong><\/td><\/tr><\/tbody><\/table><\/figure>\n\n\n\n<p>Feyenoord reserveert circa \u20ac18 miljoen voor directe versterkingen en schuift de rest door naar het stadionfonds en contractverlengingen van eigen talenten (Wellenreuther, Zerrouki en Slory).<\/p>\n\n\n\n<h3 class=\"wp-block-heading\">Hartman eveneens naar Engeland<\/h3>\n\n\n\n<p>Op dezelfde dag werd de transfer van linksback Quilindschy Hartman (22) afgerond: hij tekent tot 2029 bij Burnley, dat na promotie ambitieuze plannen presenteerde. De verdediger levert \u20ac12 miljoen op, inclusief opleidingspremies. Daarmee verliest Feyenoord wederom een eigen kweek, maar Van Persie ziet in jeugdproduct Gjivai Zeirmi en de ervaren Marcos L\u00f3pez voldoende alternatieven.<\/p>\n\n\n\n<h3 class=\"wp-block-heading\">Afscheid in De Kuip<\/h3>\n\n\n\n<p>Feyenoord plant voor de open dag op 19 juli een officieel afscheid. Milambo mag dan de jeugdopleiding symbolisch overdragen door het jeugdige toptalent David Pinas (16) het veld op te sturen. Supportersvereniging FSV deelde al mee dat Milambo een uitverkochte farewell-box in vak S krijgt, inclusief een moza\u00efek en een erehaag van oud-teamgenoten.<\/p>\n\n\n\n<hr class=\"wp-block-separator has-alpha-channel-opacity\"\/>\n\n\n\n<h4 class=\"wp-block-heading\">Wat betekent dit voor Brentford?<\/h4>\n\n\n\n<ul class=\"wp-block-list\">\n<li><strong>Tactisch<\/strong>: trainer Thomas Frank wil Milambo in een 3-4-3 naast Christian N\u00f8rgaard laten spelen, waarbij de jongeling vooral de diepte moet zoeken.<\/li>\n\n\n\n<li><strong>Timing<\/strong>: Milambo sluit op 8 juli aan bij de eerste training in West London en krijgt rugnummer 8, vrijgekomen na het vertrek van Mathias Jensen naar Sevilla.<\/li>\n<\/ul>\n\n\n\n<p>Met het vertrek van twee sterkhouders beschikt Feyenoord over financi\u00eble slagkracht \u00e9n duidelijkheid richting de seizoensstart. De komende weken zal blijken welke versterkingen Van Persie en Te Kloese binnenhalen om de titelstrijd en een nieuwe Champions-League-campagne vol aan te gaan.<\/p>\n\n\n\n<a href=\"https:\/\/www.number1-voetbalreizen.nl\/thuiswedstrijd\/?tt=35957_2085677_417959_&amp;r=\" target=\"_blank\" rel=\"sponsored nofollow\"><img decoding=\"async\" src=\"https:\/\/ti.tradetracker.net\/?c=35957&amp;m=2085677&amp;a=417959&amp;r=&amp;t=html\" width=\"728\" height=\"90\" border=\"0\" alt=\"Number1 Voetbalreizen - De specialist in voetbalreizen!\" \/><\/a>\n","protected":false},"excerpt":{"rendered":"<p>ROTTERDAM \u2013 De kogel is door de kerk: Antoni Milambo (20) vervolgt zijn loopbaan in&#8230;<\/p>\n","protected":false},"author":1,"featured_media":590,"comment_status":"open","ping_status":"open","sticky":false,"template":"","format":"standard","meta":{"footnotes":""},"categories":[10],"tags":[9],"class_list":["post-589","post","type-post","status-publish","format-standard","has-post-thumbnail","hentry","category-voetbal","tag-voetbal"],"featured_image_urls":{"full":["https:\/\/www.247sportnieuws.nl\/wp-content\/uploads\/2025\/06\/Antoni-Milambo-scaled.jpeg",2560,1718,false],"thumbnail":["https:\/\/www.247sportnieuws.nl\/wp-content\/uploads\/2025\/06\/Antoni-Milambo-150x150.jpeg",150,150,true],"medium":["https:\/\/www.247sportnieuws.nl\/wp-content\/uploads\/2025\/06\/Antoni-Milambo-300x201.jpeg",300,201,true],"medium_large":["https:\/\/www.247sportnieuws.nl\/wp-content\/uploads\/2025\/06\/Antoni-Milambo-768x515.jpeg",640,429,true],"large":["https:\/\/www.247sportnieuws.nl\/wp-content\/uploads\/2025\/06\/Antoni-Milambo-1024x687.jpeg",640,429,true],"1536x1536":["https:\/\/www.247sportnieuws.nl\/wp-content\/uploads\/2025\/06\/Antoni-Milambo-1536x1031.jpeg",1536,1031,true],"2048x2048":["https:\/\/www.247sportnieuws.nl\/wp-content\/uploads\/2025\/06\/Antoni-Milambo-2048x1375.jpeg",2048,1375,true],"covernews-slider-full":["https:\/\/www.247sportnieuws.nl\/wp-content\/uploads\/2025\/06\/Antoni-Milambo-1115x715.jpeg",1115,715,true],"covernews-slider-center":["https:\/\/www.247sportnieuws.nl\/wp-content\/uploads\/2025\/06\/Antoni-Milambo-800x500.jpeg",800,500,true],"covernews-featured":["https:\/\/www.247sportnieuws.nl\/wp-content\/uploads\/2025\/06\/Antoni-Milambo-1024x687.jpeg",1024,687,true],"covernews-medium":["https:\/\/www.247sportnieuws.nl\/wp-content\/uploads\/2025\/06\/Antoni-Milambo-540x340.jpeg",540,340,true],"covernews-medium-square":["https:\/\/www.247sportnieuws.nl\/wp-content\/uploads\/2025\/06\/Antoni-Milambo-400x250.jpeg",400,250,true]},"author_info":{"display_name":"admin","author_link":"https:\/\/www.247sportnieuws.nl\/index.php\/author\/admin\/"},"category_info":"<a href=\"https:\/\/www.247sportnieuws.nl\/index.php\/category\/voetbal\/\" rel=\"category tag\">Voetbal<\/a>","tag_info":"Voetbal","comment_count":"0","_links":{"self":[{"href":"https:\/\/www.247sportnieuws.nl\/index.php\/wp-json\/wp\/v2\/posts\/589","targetHints":{"allow":["GET"]}}],"collection":[{"href":"https:\/\/www.247sportnieuws.nl\/index.php\/wp-json\/wp\/v2\/posts"}],"about":[{"href":"https:\/\/www.247sportnieuws.nl\/index.php\/wp-json\/wp\/v2\/types\/post"}],"author":[{"embeddable":true,"href":"https:\/\/www.247sportnieuws.nl\/index.php\/wp-json\/wp\/v2\/users\/1"}],"replies":[{"embeddable":true,"href":"https:\/\/www.247sportnieuws.nl\/index.php\/wp-json\/wp\/v2\/comments?post=589"}],"version-history":[{"count":6,"href":"https:\/\/www.247sportnieuws.nl\/index.php\/wp-json\/wp\/v2\/posts\/589\/revisions"}],"predecessor-version":[{"id":596,"href":"https:\/\/www.247sportnieuws.nl\/index.php\/wp-json\/wp\/v2\/posts\/589\/revisions\/596"}],"wp:featuredmedia":[{"embeddable":true,"href":"https:\/\/www.247sportnieuws.nl\/index.php\/wp-json\/wp\/v2\/media\/590"}],"wp:attachment":[{"href":"https:\/\/www.247sportnieuws.nl\/index.php\/wp-json\/wp\/v2\/media?parent=589"}],"wp:term":[{"taxonomy":"category","embeddable":true,"href":"https:\/\/www.247sportnieuws.nl\/index.php\/wp-json\/wp\/v2\/categories?post=589"},{"taxonomy":"post_tag","embeddable":true,"href":"https:\/\/www.247sportnieuws.nl\/index.php\/wp-json\/wp\/v2\/tags?post=589"}],"curies":[{"name":"wp","href":"https:\/\/api.w.org\/{rel}","templated":true}]}}