{"id":510,"date":"2025-06-26T15:21:21","date_gmt":"2025-06-26T15:21:21","guid":{"rendered":"https:\/\/www.247sportnieuws.nl\/?p=510"},"modified":"2025-06-26T15:21:21","modified_gmt":"2025-06-26T15:21:21","slug":"machtsstrijd-verlamt-ado-den-haag","status":"publish","type":"post","link":"https:\/\/www.247sportnieuws.nl\/index.php\/2025\/06\/26\/machtsstrijd-verlamt-ado-den-haag\/","title":{"rendered":"Machtsstrijd verlamt ADO Den Haag"},"content":{"rendered":"\n<p><strong>De voorbereiding op het nieuwe seizoen dreigt in duigen te vallen nu grootaandeelhouder Bolt en technisch directeur Joris Mathijsen lijnrecht tegenover elkaar staan.<\/strong>&nbsp;Bolt \u2013 het Amerikaanse sport-investerings\u00advehikel dat de club begin 2022 overnam \u2013 blokkeert de aanstelling van John van den Brom en duwt een \u201ckandidaat uit eigen netwerk\u201d naar voren. Mathijsen houdt vast aan zijn droomcoach en weigert vooralsnog te capituleren.<\/p>\n\n\n\n<h3 class=\"wp-block-heading\">Trainer-soap: Van den Brom on hold<\/h3>\n\n\n\n<p>De komst van trainer Van den Brom (58) leek rond: op 20 juni bevestigde hij gesprekken met zijn oude club, waar hij in 2010\/11 Europees voetbal haalde. De Hagenaars zagen in hem de ervaren kapitein om eindelijk terug te keren naar de Eredivisie, maar Bolt heeft het dossier voorlopig dichtgegooid.\u00a0<\/p>\n\n\n\n<hr class=\"wp-block-separator has-alpha-channel-opacity\"\/>\n\n\n\n<h3 class=\"wp-block-heading\">Voorbereiding uitgesteld<\/h3>\n\n\n\n<p>Het gekakreel in de bestuurskamer treft direct de spelersgroep: de eerste veldtraining, gepland voor\u00a0<strong>maandag 30 juni<\/strong>, is naar\u00a0<strong>woensdag 2 juli<\/strong>\u00a0verschoven. Conditietesten zijn on hold gezet, oefenduels kunnen opnieuw moeten worden ingepland en stafleden weten niet wie er op termijn voor de groep staat.\u00a0<\/p>\n\n\n\n<hr class=\"wp-block-separator has-alpha-channel-opacity\"\/>\n\n\n\n<h3 class=\"wp-block-heading\">Bonis vertrekt halsoverkop<\/h3>\n\n\n\n<p>Tot overmaat van ramp is goalgetter\u00a0<strong>Lee Bonis<\/strong>\u00a0al in Engeland voor een transfer \u2013 naar welke club is nog niet bevestigd. De Noord-Ier was vorig seizoen goed voor 11 goals in 35 competitiewedstrijden, maar Bolt ziet een snelle verkoop als \u201cnoodzakelijk\u201d om ruimte te maken op de loonlijst. <\/p>\n\n\n\n<hr class=\"wp-block-separator has-alpha-channel-opacity\"\/>\n\n\n\n<h3 class=\"wp-block-heading\">Waarom de druk zo hoog is<\/h3>\n\n\n\n<ul class=\"wp-block-list\">\n<li>ADO eindigde in het reguliere seizoen 2024\/25 als vierde in de KKD, maar struikelde wederom in de play-offs voor promotie naar de ere-divisie.\u00a0<\/li>\n\n\n\n<li>Coach\u00a0<strong>Darije Kalezic<\/strong>\u00a0vertrok op 24 mei; vorige week tekende hij in Servi\u00eb bij FK TSC.\u00a0<\/li>\n\n\n\n<li>Sinds de overname door Bolt heeft de club wel kapitaal, maar ook drie trainers versleten in twee jaar tijd en draait het structureel verlies, ondanks miljoenenbijstortingen van de eigenaar.\u00a0<\/li>\n<\/ul>\n\n\n\n<p>Voor supporters en sponsors groeit de frustratie: de ambities worden elk jaar luid verkondigd, maar sportieve slagkracht ontbreekt zolang bestuurlijke kampen elkaar blokkeren.<\/p>\n\n\n\n<hr class=\"wp-block-separator has-alpha-channel-opacity\"\/>\n\n\n\n<h3 class=\"wp-block-heading\">Conclusie<\/h3>\n\n\n\n<p>ADO Den Haag staat op een kruispunt. Zonder snelle beslissing over de trainerspost \u00e9n duidelijkheid over de selectie dreigt het seizoen al v\u00f3\u00f3r de eerste bal is getrapt te ontsporen. Voor een club die na vier jaar Keuken Kampioen Divisie koste wat kost wil promoveren, is dat een scenario dat het zich simpelweg niet kan permitteren.<\/p>\n\n\n\n<script type=\"text\/javascript\">\n\t(function(){\n\t\tvar d = document, wid = `tt-${parseInt(Math.random() * 9999999).toString(16)}`, se = d.getElementsByTagName(`script`), se_f = se[0], se_l = se[se.length - 1], tt = d.createElement(`script`), w = d.createElement(`div`);\n\t\tw.id = wid; se_l.parentNode.insertBefore(w, se_l); tt.type = `text\/javascript`, tt.async = true, tt.src = `https:\/\/rotator.tradetracker.net\/?r=97089&t=js&wid=${wid}`; se_f.parentNode.insertBefore(tt, se_f);\n\t})();\n<\/script>\n","protected":false},"excerpt":{"rendered":"<p>De voorbereiding op het nieuwe seizoen dreigt in duigen te vallen nu grootaandeelhouder Bolt en&#8230;<\/p>\n","protected":false},"author":1,"featured_media":512,"comment_status":"open","ping_status":"open","sticky":false,"template":"","format":"standard","meta":{"footnotes":""},"categories":[10],"tags":[9],"class_list":["post-510","post","type-post","status-publish","format-standard","has-post-thumbnail","hentry","category-voetbal","tag-voetbal"],"featured_image_urls":{"full":["https:\/\/www.247sportnieuws.nl\/wp-content\/uploads\/2025\/06\/ADO-Den-Haag.jpg",1202,570,false],"thumbnail":["https:\/\/www.247sportnieuws.nl\/wp-content\/uploads\/2025\/06\/ADO-Den-Haag-150x150.jpg",150,150,true],"medium":["https:\/\/www.247sportnieuws.nl\/wp-content\/uploads\/2025\/06\/ADO-Den-Haag-300x142.jpg",300,142,true],"medium_large":["https:\/\/www.247sportnieuws.nl\/wp-content\/uploads\/2025\/06\/ADO-Den-Haag-768x364.jpg",640,303,true],"large":["https:\/\/www.247sportnieuws.nl\/wp-content\/uploads\/2025\/06\/ADO-Den-Haag-1024x486.jpg",640,304,true],"1536x1536":["https:\/\/www.247sportnieuws.nl\/wp-content\/uploads\/2025\/06\/ADO-Den-Haag.jpg",1202,570,false],"2048x2048":["https:\/\/www.247sportnieuws.nl\/wp-content\/uploads\/2025\/06\/ADO-Den-Haag.jpg",1202,570,false],"covernews-slider-full":["https:\/\/www.247sportnieuws.nl\/wp-content\/uploads\/2025\/06\/ADO-Den-Haag-1115x570.jpg",1115,570,true],"covernews-slider-center":["https:\/\/www.247sportnieuws.nl\/wp-content\/uploads\/2025\/06\/ADO-Den-Haag-800x500.jpg",800,500,true],"covernews-featured":["https:\/\/www.247sportnieuws.nl\/wp-content\/uploads\/2025\/06\/ADO-Den-Haag-1024x486.jpg",1024,486,true],"covernews-medium":["https:\/\/www.247sportnieuws.nl\/wp-content\/uploads\/2025\/06\/ADO-Den-Haag-540x340.jpg",540,340,true],"covernews-medium-square":["https:\/\/www.247sportnieuws.nl\/wp-content\/uploads\/2025\/06\/ADO-Den-Haag-400x250.jpg",400,250,true]},"author_info":{"display_name":"admin","author_link":"https:\/\/www.247sportnieuws.nl\/index.php\/author\/admin\/"},"category_info":"<a href=\"https:\/\/www.247sportnieuws.nl\/index.php\/category\/voetbal\/\" rel=\"category tag\">Voetbal<\/a>","tag_info":"Voetbal","comment_count":"0","_links":{"self":[{"href":"https:\/\/www.247sportnieuws.nl\/index.php\/wp-json\/wp\/v2\/posts\/510","targetHints":{"allow":["GET"]}}],"collection":[{"href":"https:\/\/www.247sportnieuws.nl\/index.php\/wp-json\/wp\/v2\/posts"}],"about":[{"href":"https:\/\/www.247sportnieuws.nl\/index.php\/wp-json\/wp\/v2\/types\/post"}],"author":[{"embeddable":true,"href":"https:\/\/www.247sportnieuws.nl\/index.php\/wp-json\/wp\/v2\/users\/1"}],"replies":[{"embeddable":true,"href":"https:\/\/www.247sportnieuws.nl\/index.php\/wp-json\/wp\/v2\/comments?post=510"}],"version-history":[{"count":1,"href":"https:\/\/www.247sportnieuws.nl\/index.php\/wp-json\/wp\/v2\/posts\/510\/revisions"}],"predecessor-version":[{"id":513,"href":"https:\/\/www.247sportnieuws.nl\/index.php\/wp-json\/wp\/v2\/posts\/510\/revisions\/513"}],"wp:featuredmedia":[{"embeddable":true,"href":"https:\/\/www.247sportnieuws.nl\/index.php\/wp-json\/wp\/v2\/media\/512"}],"wp:attachment":[{"href":"https:\/\/www.247sportnieuws.nl\/index.php\/wp-json\/wp\/v2\/media?parent=510"}],"wp:term":[{"taxonomy":"category","embeddable":true,"href":"https:\/\/www.247sportnieuws.nl\/index.php\/wp-json\/wp\/v2\/categories?post=510"},{"taxonomy":"post_tag","embeddable":true,"href":"https:\/\/www.247sportnieuws.nl\/index.php\/wp-json\/wp\/v2\/tags?post=510"}],"curies":[{"name":"wp","href":"https:\/\/api.w.org\/{rel}","templated":true}]}}