{"id":506,"date":"2025-06-26T10:44:09","date_gmt":"2025-06-26T10:44:09","guid":{"rendered":"https:\/\/www.247sportnieuws.nl\/?p=506"},"modified":"2025-06-26T10:44:09","modified_gmt":"2025-06-26T10:44:09","slug":"tour-de-france-2025-etappe-overzicht","status":"publish","type":"post","link":"https:\/\/www.247sportnieuws.nl\/index.php\/2025\/06\/26\/tour-de-france-2025-etappe-overzicht\/","title":{"rendered":"Tour de France 2025 etappe-overzicht"},"content":{"rendered":"\n<h3 class=\"wp-block-heading\"><strong>Van een Noord-Franse Grand D\u00e9part tot een iconische finish op Montmartre<\/strong><\/h3>\n\n\n\n<p>De 112e editie van de Tour de France start op&nbsp;<strong>zaterdag 5 juli<\/strong>&nbsp;in Lille en keert \u2013 na het olympische uitstapje naar Nice in 2024 \u2013 weer terug naar Parijs. In 21 etappes leggen de renners&nbsp;<strong>3.338,8 kilometer<\/strong>&nbsp;af, verdeeld over<\/p>\n\n\n\n<ul class=\"wp-block-list\">\n<li><strong>7 vlakke ritten<\/strong>\u00a0voor de sprinters,<\/li>\n\n\n\n<li><strong>6 heuvelritten<\/strong>\u00a0voor puncheurs en waaierspecialisten,<\/li>\n\n\n\n<li><strong>6 bergritten<\/strong>\u00a0met\u00a0<strong>vijf echte aankomsten bergop<\/strong>,<\/li>\n\n\n\n<li><strong>2 tijdritten<\/strong>: \u00e9\u00e9n biljartvlak in Caen (33 km) en een explosieve klim-ITT van Loudenvielle naar Peyragudes (10,9 km).\u00a0<\/li>\n<\/ul>\n\n\n\n<h3 class=\"wp-block-heading\">Wat is er nieuw in 2025?<\/h3>\n\n\n\n<ul class=\"wp-block-list\">\n<li><strong>100 % Frans<\/strong>: voor het eerst sinds 2020 worden er geen landsgrenzen overschreden.\u00a0<a href=\"https:\/\/www.letour.fr\/en\/overall-route?utm_source=chatgpt.com\" target=\"_blank\" rel=\"noreferrer noopener\">letour.fr<\/a><\/li>\n\n\n\n<li><strong>Paris finale 2.0<\/strong>: de traditionele Champs-\u00c9lys\u00e9es-ronde is vervangen door drie passages over de\u00a0<strong>C\u00f4te de la Butte Montmartre<\/strong>\u00a0(1 km \u00e0 7 %) \u2013 dezelfde \u2018muur\u2019 waar Van der Poel en Van Aert de boel op scherp zetten tijdens de olympische wegrit.<\/li>\n\n\n\n<li><strong>Klimtijdrit<\/strong>: de mini-chrono naar Peyragudes is de kortste Tour-ITT sinds 1988 en kan grote gaten slaan bij de klassementsmannen.\u00a0<\/li>\n<\/ul>\n\n\n\n<h3 class=\"wp-block-heading\">Week 1 \u2013 Kasseiengeur en M\u00fbr-d\u00e9j\u00e0-vu<\/h3>\n\n\n\n<p>De openingsdagen in Hauts-de-France en Normandi\u00eb zijn op papier vlak, maar wind en oud-Roubaix-asfalt kunnen al voor tijdsverlies zorgen. In&nbsp;<strong>rit 7<\/strong>&nbsp;wacht de&nbsp;<strong>M\u00fbr-de-Bretagne<\/strong>: d\u00e9 plek waar&nbsp;<strong>Mathieu van der Poel<\/strong>&nbsp;in 2021 zijn eerste Tourzege en de gele trui pakte \u2013 opnieuw kans op vuurwerk voor punchers.<\/p>\n\n\n\n<h3 class=\"wp-block-heading\">Week 2 \u2013 Pyrenee\u00ebn-triple met tijdrit twist<\/h3>\n\n\n\n<p>Na de rustdag in Toulouse volgt een zwaar Pyrenee\u00ebn-blok:<\/p>\n\n\n\n<ul class=\"wp-block-list\">\n<li><strong>Hautacam<\/strong>\u00a0(etappe 12) \u2013 klassiek beukwerk via de Tourmalet-flanken.<\/li>\n\n\n\n<li><strong>Klim-ITT Peyragudes<\/strong>\u00a0(etappe 13) \u2013 10,9 km vol haarspelden (gem. 8 %).<\/li>\n\n\n\n<li><strong>Luchon-Superbagn\u00e8res<\/strong>\u00a0(etappe 14) \u2013 1.800 m hoog, laatste 6 km steeds boven 9 %.<\/li>\n<\/ul>\n\n\n\n<h3 class=\"wp-block-heading\">Week 3 \u2013 Ventoux revival en Alpengaande finale<\/h3>\n\n\n\n<p>Na de rustdag in Montpellier schroeft de koers het spektakel verder op:<\/p>\n\n\n\n<ul class=\"wp-block-list\">\n<li><strong>Mont Ventoux<\/strong>\u00a0(etappe 16) \u2013 \u2018le G\u00e9ant de Provence\u2019 keert na drie jaar terug; finish op de kale top (1.909 m).<\/li>\n\n\n\n<li><strong>Col de la Loze<\/strong>\u00a0(etappe 18) \u2013 queen stage, 5.500 hm; hoogste punt van de editie (2.304 m).<\/li>\n\n\n\n<li><strong>La Plagne<\/strong>\u00a0(etappe 19) \u2013 korte, venijnige bergrit die de laatste krachten uit de favorieten perst.<\/li>\n\n\n\n<li><strong>Montmartre-grand finale<\/strong>\u00a0(etappe 21) \u2013 explosief slot waarin puncheurs en groene-trui-kandidaten nog \u00e9\u00e9n keer alles geven alvorens de gele trui champagne drinkt onder de Sacr\u00e9-C\u0153ur.\u00a0<\/li>\n<\/ul>\n\n\n\n<h3 class=\"wp-block-heading\">Klassiekerspecialisten vs. klassementskanonnen<\/h3>\n\n\n\n<figure class=\"wp-block-table\"><table class=\"has-fixed-layout\"><thead><tr><th>Trui<\/th><th>Topfavorieten<\/th><th>Opmerkingen<\/th><\/tr><\/thead><tbody><tr><td><strong>Geel<\/strong><\/td><td>Vingegaard, Poga\u010dar, Evenepoel, Rogli\u010d<\/td><td>Een revanche-Tour: Vingegaard (na crash voorjaar) jaagt op derde eindzege, Poga\u010dar mikt opnieuw op Giro-Tour-dubbel.<\/td><\/tr><tr><td><strong>Groen<\/strong><\/td><td>Philipsen, Van der Poel, De Lie<\/td><td>Nieuw puntensysteem beloont ook tussensprints; Van der Poel mikt op etappes \u00e9n groen.<\/td><\/tr><tr><td><strong>Bollen<\/strong><\/td><td>Gaudu, Landa, Barguil<\/td><td>Zwaarder bergklassement schema met extra punten op Ventoux en Loze.<\/td><\/tr><tr><td><strong>Wit<\/strong><\/td><td>Ayuso, Mart\u00ednez, Rodr\u00edguez<\/td><td>Onder-26-strijd barst los in Pyrenee\u00ebn-blok.<\/td><\/tr><\/tbody><\/table><\/figure>\n\n\n\n<h3 class=\"wp-block-heading\">Volledig etappe-overzicht<\/h3>\n\n\n\n<figure class=\"wp-block-image size-full is-resized\"><img decoding=\"async\" width=\"728\" height=\"730\" data-src=\"https:\/\/www.247sportnieuws.nl\/wp-content\/uploads\/2025\/06\/route.jpg\" alt=\"tour-2025\" class=\"wp-image-508 lazyload\" style=\"--smush-placeholder-width: 728px; --smush-placeholder-aspect-ratio: 728\/730;width:840px;height:auto\" data-srcset=\"https:\/\/www.247sportnieuws.nl\/wp-content\/uploads\/2025\/06\/route.jpg 728w, https:\/\/www.247sportnieuws.nl\/wp-content\/uploads\/2025\/06\/route-300x300.jpg 300w, https:\/\/www.247sportnieuws.nl\/wp-content\/uploads\/2025\/06\/route-150x150.jpg 150w\" data-sizes=\"(max-width: 728px) 100vw, 728px\" src=\"data:image\/svg+xml;base64,PHN2ZyB3aWR0aD0iMSIgaGVpZ2h0PSIxIiB4bWxucz0iaHR0cDovL3d3dy53My5vcmcvMjAwMC9zdmciPjwvc3ZnPg==\" \/><\/figure>\n\n\n\n<p><strong>Etappe 1 \u2013 za 5 jul<\/strong>: Lille \u25b6 Lille 185 km (vlak)<br><strong>Etappe 2 \u2013 zo 6 jul<\/strong>: Lauwin-Planque \u25b6 Boulogne-sur-Mer 212 km (heuvels)<br><strong>Etappe 3 \u2013 ma 7 jul<\/strong>: Valenciennes \u25b6 Dunkerque 178 km (vlak)<br><strong>Etappe 4 \u2013 di 8 jul<\/strong>: Amiens \u25b6 Rouen 173 km (heuvels)<br><strong>Etappe 5 \u2013 wo 9 jul<\/strong>: Caen \u25b6 Caen 33 km (individuele ITT)<br><strong>Etappe 6 \u2013 do 10 jul<\/strong>: Bayeux \u25b6 Vire 201 km (heuvels)<br><strong>Etappe 7 \u2013 vr 11 jul<\/strong>: Saint-Malo \u25b6 M\u00fbr-de-Bretagne 194 km (heuvels)<br><strong>Etappe 8 \u2013 za 12 jul<\/strong>: Saint-M\u00e9en-le-Grand \u25b6 Laval 174 km (vlak)<br><strong>Etappe 9 \u2013 zo 13 jul<\/strong>: Chinon \u25b6 Ch\u00e2teauroux 170 km (vlak)<br><strong>Etappe 10 \u2013 ma 14 jul<\/strong>: Ennezat \u25b6 Le Mont-Dore 163 km (bergen)<br><strong>15 jul \u2013 rustdag<\/strong>&nbsp;(Toulouse)<br><strong>Etappe 11 \u2013 wo 16 jul<\/strong>: Toulouse \u25b6 Toulouse 154 km (vlak)<br><strong>Etappe 12 \u2013 do 17 jul<\/strong>: Auch \u25b6 Hautacam 181 km (bergen)<br><strong>Etappe 13 \u2013 vr 18 jul<\/strong>: Loudenvielle \u25b6 Peyragudes 11 km (klimtijdrit)<br><strong>Etappe 14 \u2013 za 19 jul<\/strong>: Pau \u25b6 Luchon-Superbagn\u00e8res 183 km (bergen)<br><strong>Etappe 15 \u2013 zo 20 jul<\/strong>: Muret \u25b6 Carcassonne 169 km (heuvels)<br><strong>21 jul \u2013 rustdag<\/strong>&nbsp;(Montpellier)<br><strong>Etappe 16 \u2013 di 22 jul<\/strong>: Montpellier \u25b6 Mont Ventoux 172 km (bergen)<br><strong>Etappe 17 \u2013 wo 23 jul<\/strong>: Boll\u00e8ne \u25b6 Valence 161 km (vlak)<br><strong>Etappe 18 \u2013 do 24 jul<\/strong>: Vif \u25b6 Col de la Loze 171 km (bergen)<br><strong>Etappe 19 \u2013 vr 25 jul<\/strong>: Albertville \u25b6 La Plagne 130 km (bergen)<br><strong>Etappe 20 \u2013 za 26 jul<\/strong>: Nantua \u25b6 Pontarlier 185 km (heuvels)<br><strong>Etappe 21 \u2013 zo 27 jul<\/strong>: Mantes-la-Ville \u25b6 Parijs (Montmartre-circuit) 120 km (vlak\/punch)<\/p>\n\n\n\n<hr class=\"wp-block-separator has-alpha-channel-opacity\"\/>\n\n\n\n<h3 class=\"wp-block-heading\">Kijk- en reistips voor fans<\/h3>\n\n\n\n<ul class=\"wp-block-list\">\n<li><strong>Lille<\/strong>: de Grand D\u00e9part-zone rond het Gare St-Sauveur streamt gratis live-coverage en heeft een Expo Tour-historie.<\/li>\n\n\n\n<li><strong>Mont Ventoux<\/strong>: kampeerders opgelet \u2013 de weg sluit 24 uur v\u00f3\u00f3r de finish; neem extra water mee, schaduw is schaars.<\/li>\n\n\n\n<li><strong>Montmartre<\/strong>: de Sacr\u00e9-C\u0153ur-trappen zijn vroeg bezet; beste zichtpunten vind je op de noordflank (Rue Lepic) waar het peloton 12 % haalt.<\/li>\n<\/ul>\n\n\n\n<p>Met dit gevarieerde parcours belooft de Tour 2025 een explosieve strijd tussen klimgeiten, tijdrijders en sterke sprinters \u2013 met tot slot een Parijse apotheose die na \u00e9\u00e9n jaar afwezigheid nog meer glans krijgt door de \u2018muur\u2019 van Montmartre.<\/p>\n\n\n\n<hr class=\"wp-block-separator has-alpha-channel-opacity\"\/>\n\n\n\n<script type=\"text\/javascript\">\n\t(function(){\n\t\tvar d = document, wid = `tt-${parseInt(Math.random() * 9999999).toString(16)}`, se = d.getElementsByTagName(`script`), se_f = se[0], se_l = se[se.length - 1], tt = d.createElement(`script`), w = d.createElement(`div`);\n\t\tw.id = wid; se_l.parentNode.insertBefore(w, se_l); tt.type = `text\/javascript`, tt.async = true, tt.src = `https:\/\/rotator.tradetracker.net\/?r=97089&t=js&wid=${wid}`; se_f.parentNode.insertBefore(tt, se_f);\n\t})();\n<\/script>\n","protected":false},"excerpt":{"rendered":"<p>Van een Noord-Franse Grand D\u00e9part tot een iconische finish op Montmartre De 112e editie van&#8230;<\/p>\n","protected":false},"author":1,"featured_media":507,"comment_status":"open","ping_status":"open","sticky":false,"template":"","format":"standard","meta":{"footnotes":""},"categories":[16],"tags":[17],"class_list":["post-506","post","type-post","status-publish","format-standard","has-post-thumbnail","hentry","category-wielrennen","tag-wielrennen"],"featured_image_urls":{"full":["https:\/\/www.247sportnieuws.nl\/wp-content\/uploads\/2025\/06\/tour-de-france-2025.jpeg",616,353,false],"thumbnail":["https:\/\/www.247sportnieuws.nl\/wp-content\/uploads\/2025\/06\/tour-de-france-2025-150x150.jpeg",150,150,true],"medium":["https:\/\/www.247sportnieuws.nl\/wp-content\/uploads\/2025\/06\/tour-de-france-2025-300x172.jpeg",300,172,true],"medium_large":["https:\/\/www.247sportnieuws.nl\/wp-content\/uploads\/2025\/06\/tour-de-france-2025.jpeg",616,353,false],"large":["https:\/\/www.247sportnieuws.nl\/wp-content\/uploads\/2025\/06\/tour-de-france-2025.jpeg",616,353,false],"1536x1536":["https:\/\/www.247sportnieuws.nl\/wp-content\/uploads\/2025\/06\/tour-de-france-2025.jpeg",616,353,false],"2048x2048":["https:\/\/www.247sportnieuws.nl\/wp-content\/uploads\/2025\/06\/tour-de-france-2025.jpeg",616,353,false],"covernews-slider-full":["https:\/\/www.247sportnieuws.nl\/wp-content\/uploads\/2025\/06\/tour-de-france-2025.jpeg",616,353,false],"covernews-slider-center":["https:\/\/www.247sportnieuws.nl\/wp-content\/uploads\/2025\/06\/tour-de-france-2025.jpeg",616,353,false],"covernews-featured":["https:\/\/www.247sportnieuws.nl\/wp-content\/uploads\/2025\/06\/tour-de-france-2025.jpeg",616,353,false],"covernews-medium":["https:\/\/www.247sportnieuws.nl\/wp-content\/uploads\/2025\/06\/tour-de-france-2025.jpeg",540,309,false],"covernews-medium-square":["https:\/\/www.247sportnieuws.nl\/wp-content\/uploads\/2025\/06\/tour-de-france-2025.jpeg",400,229,false]},"author_info":{"display_name":"admin","author_link":"https:\/\/www.247sportnieuws.nl\/index.php\/author\/admin\/"},"category_info":"<a href=\"https:\/\/www.247sportnieuws.nl\/index.php\/category\/wielrennen\/\" rel=\"category tag\">Wielrennen<\/a>","tag_info":"Wielrennen","comment_count":"0","_links":{"self":[{"href":"https:\/\/www.247sportnieuws.nl\/index.php\/wp-json\/wp\/v2\/posts\/506","targetHints":{"allow":["GET"]}}],"collection":[{"href":"https:\/\/www.247sportnieuws.nl\/index.php\/wp-json\/wp\/v2\/posts"}],"about":[{"href":"https:\/\/www.247sportnieuws.nl\/index.php\/wp-json\/wp\/v2\/types\/post"}],"author":[{"embeddable":true,"href":"https:\/\/www.247sportnieuws.nl\/index.php\/wp-json\/wp\/v2\/users\/1"}],"replies":[{"embeddable":true,"href":"https:\/\/www.247sportnieuws.nl\/index.php\/wp-json\/wp\/v2\/comments?post=506"}],"version-history":[{"count":1,"href":"https:\/\/www.247sportnieuws.nl\/index.php\/wp-json\/wp\/v2\/posts\/506\/revisions"}],"predecessor-version":[{"id":509,"href":"https:\/\/www.247sportnieuws.nl\/index.php\/wp-json\/wp\/v2\/posts\/506\/revisions\/509"}],"wp:featuredmedia":[{"embeddable":true,"href":"https:\/\/www.247sportnieuws.nl\/index.php\/wp-json\/wp\/v2\/media\/507"}],"wp:attachment":[{"href":"https:\/\/www.247sportnieuws.nl\/index.php\/wp-json\/wp\/v2\/media?parent=506"}],"wp:term":[{"taxonomy":"category","embeddable":true,"href":"https:\/\/www.247sportnieuws.nl\/index.php\/wp-json\/wp\/v2\/categories?post=506"},{"taxonomy":"post_tag","embeddable":true,"href":"https:\/\/www.247sportnieuws.nl\/index.php\/wp-json\/wp\/v2\/tags?post=506"}],"curies":[{"name":"wp","href":"https:\/\/api.w.org\/{rel}","templated":true}]}}