{"id":472,"date":"2025-06-25T08:51:49","date_gmt":"2025-06-25T08:51:49","guid":{"rendered":"https:\/\/www.247sportnieuws.nl\/?p=472"},"modified":"2025-06-25T08:54:06","modified_gmt":"2025-06-25T08:54:06","slug":"perez-haalt-uit-red-bull-heeft-spijt","status":"publish","type":"post","link":"https:\/\/www.247sportnieuws.nl\/index.php\/2025\/06\/25\/perez-haalt-uit-red-bull-heeft-spijt\/","title":{"rendered":"P\u00e9rez haalt uit: \u2018Red Bull heeft spijt\u2019"},"content":{"rendered":"\n<p><strong>Sergio P\u00e9rez (35)<\/strong>\u00a0liet na 2024 tegen alle verwachtingen in de Red Bull-garage onder druk achter zich, al liep zijn contract tot eind 2025. In de podcast\u00a0<em>Desde El Paddock<\/em>\u00a0onthult de Mexicaan dat hij via \u201ceen zeer betrouwbare bron\u201d heeft gehoord dat de renstal inmiddels berouw toont over die harde breuk.<\/p>\n\n\n\n<blockquote class=\"wp-block-quote is-layout-flow wp-block-quote-is-layout-flow\">\n<p>\u201cUiteindelijk is dit hoe sport werkt.. Er zijn beslissingen genomen omdat ze te veel druk op zichzelf hadden gezet. Ik weet dat ze diep van binnen spijt hebben. Ik heb dat van een heel betrouwbare bron&#8230; Ik heb zeer goede vrienden bij Red Bull en mensen denken misschien dat ik plezier beleef aan wat er nu gebeurt, maar nee. De waarheid is dat\u00a0Max Verstappen\u00a0al het succes verdient dat hij heeft. Hij is een ongelooflijke coureur en weinig mensen begrijpen hoe hij werkt. Hij is uitzonderlijk,\u201d aldus P\u00e9rez.<\/p>\n<\/blockquote>\n\n\n\n<h3 class=\"wp-block-heading\">Hoe liep het zo uit de hand?<\/h3>\n\n\n\n<figure class=\"wp-block-table\"><table class=\"has-fixed-layout\"><thead><tr><th>Tijdlijn<\/th><th>Gebeurtenis<\/th><\/tr><\/thead><tbody><tr><td><strong>Mei 2024<\/strong><\/td><td>In Monaco verlengt Red Bull verrassend vroeg P\u00e9rez\u2019 verbintenis tot 2026.<\/td><\/tr><tr><td><strong>Dec 2024<\/strong><\/td><td>Na een kwakkelseizoen\u2014P\u00e9rez finishte 282 punten achter Verstappen\u2014krijgt hij de wacht aangezegd.<\/td><\/tr><tr><td><strong>Jan 2025<\/strong><\/td><td>Rookie&nbsp;<strong>Liam Lawson<\/strong>&nbsp;schuift door naar de hoofdmacht.<\/td><\/tr><tr><td><strong>Apr 2025 (Suzuka)<\/strong><\/td><td>Na twee puntloze races wordt Lawson weer gedegradeerd;\u00a0<strong>Yuki Tsunoda<\/strong>\u00a0neemt het tweede zitje over.\u00a0<\/td><\/tr><\/tbody><\/table><\/figure>\n\n\n\n<h3 class=\"wp-block-heading\">Het probleem van de \u2018tweede Red Bull\u2019<\/h3>\n\n\n\n<ul class=\"wp-block-list\">\n<li><strong>Lawson:<\/strong>\u00a00 punten in Australi\u00eb en China.<\/li>\n\n\n\n<li><strong>Tsunoda:<\/strong>\u00a0slechts 7 punten uit zeven starts \u2014 tegenover\u00a0<strong>155<\/strong>\u00a0voor Verstappen.\u00a0<\/li>\n\n\n\n<li>Gevolg: Red Bull is met\u00a0<strong>162 punten<\/strong>\u00a0weggezakt naar\u00a0<strong>P4<\/strong>\u00a0bij de constructeurs, ruim 200 punten achter koploper McLaren (374).\u00a0<\/li>\n<\/ul>\n\n\n\n<p>Christian Horner sprak na de Japanse GP al van een \u201cnoodgedwongen snelle ingreep\u201d, maar ook de Tsunoda-wissel heeft het lek niet gedicht.<\/p>\n\n\n\n<h3 class=\"wp-block-heading\">P\u00e9rez\u2019 eigen toekomst: Cadillac-courier?<\/h3>\n\n\n\n<figure class=\"wp-block-image size-full is-resized\"><img decoding=\"async\" width=\"750\" height=\"400\" data-src=\"https:\/\/www.247sportnieuws.nl\/wp-content\/uploads\/2025\/06\/cadillac.jpeg\" alt=\"cadillac\" class=\"wp-image-473 lazyload\" style=\"--smush-placeholder-width: 750px; --smush-placeholder-aspect-ratio: 750\/400;width:840px;height:auto\" data-srcset=\"https:\/\/www.247sportnieuws.nl\/wp-content\/uploads\/2025\/06\/cadillac.jpeg 750w, https:\/\/www.247sportnieuws.nl\/wp-content\/uploads\/2025\/06\/cadillac-300x160.jpeg 300w\" data-sizes=\"(max-width: 750px) 100vw, 750px\" src=\"data:image\/svg+xml;base64,PHN2ZyB3aWR0aD0iMSIgaGVpZ2h0PSIxIiB4bWxucz0iaHR0cDovL3d3dy53My5vcmcvMjAwMC9zdmciPjwvc3ZnPg==\" \/><\/figure>\n\n\n\n<p>P\u00e9rez wordt hardnekkig in verband gebracht met het nieuwe\u00a0<strong>Cadillac F1 Team<\/strong>, dat in maart officieel groen licht kreeg als elfde team voor 2026.\u00a0De Amerikanen willen volgens insiders minimaal \u00e9\u00e9n ervaren coureur; naast IndyCar-ster Colton Herta en vrije-agent Valtteri Bottas staat P\u00e9rez bovenaan het wensenlijstje.<\/p>\n\n\n\n<blockquote class=\"wp-block-quote is-layout-flow wp-block-quote-is-layout-flow\">\n<p>\u201cIk praat met meerdere partijen,\u201d geeft P\u00e9rez in dezelfde podcast toe. \u201cMaar mijn prioriteit is een project waar ik mee kan bouwen, niet zomaar een jaartje cashen.\u201d\u00a0<\/p>\n<\/blockquote>\n\n\n\n<h3 class=\"wp-block-heading\">Wat zegt Verstappen?<\/h3>\n\n\n\n<p>De viervoudig wereldkampioen hield zich op de vlakte, maar liet na de Canadese GP fijntjes weten dat \u201cconsistente punten van beide auto\u2019s\u201d onmisbaar zijn: \u201cAnders vecht je tegen twee McLarens met \u00e9\u00e9n hand op je rug.\u201d\u00a0<\/p>\n\n\n\n<h3 class=\"wp-block-heading\">Analyse: slechte keuzes<\/h3>\n\n\n\n<ol class=\"wp-block-list\">\n<li><strong>Contractpolitiek<\/strong>\u00a0\u2013 Door de vroegtijdige verlenging moest Red Bull P\u00e9rez naar verluidt ruim\u00a0<strong>\u20ac10 mln<\/strong>\u00a0afkopen.<\/li>\n\n\n\n<li><strong>Newey-exodus<\/strong>\u00a0\u2013 Het vertrek van technisch meesterbrein Adrian Newey naar Aston Martin verzwakte het chassisconcept waar P\u00e9rez zich relatief comfortabel bij voelde.\u00a0<\/li>\n\n\n\n<li><strong>Tsunoda-druk<\/strong>\u00a0\u2013 De Japanner scoort wel flitsende kwalificatiesectortijden, maar weet ze zelden om te zetten in punten; teamadviseur Helmut Marko erkent intussen \u201cdat het tweede stoeltje weer een hoofdpijndossier is\u201d.\u00a0<\/li>\n<\/ol>\n\n\n\n<h3 class=\"wp-block-heading\">Conclusie<\/h3>\n\n\n\n<p>Red Bull dacht met een frisse line-up het gat naar McLaren te kunnen dichten, maar ziet nu de keerzijde van een zelfontketend stoelendans: een ge\u00efsoleerde Verstappen, kostbare puntendroogte en een ex-coureur die bij een potentieel nieuw team de concurrentie kan versterken. \u201cThat\u2019s racing,\u201d zegt P\u00e9rez\u2014maar met ieder verloren punt wordt duidelijker dat Milton Keynes de Mexicaanse nuchterheid node mist.<\/p>\n\n\n\n<hr class=\"wp-block-separator has-alpha-channel-opacity\"\/>\n\n\n\n<center><a href=\"https:\/\/partner.verstappen.com\/c?c=38008&amp;m=2333706&amp;a=417959&amp;r=&amp;u=\" target=\"_blank\" rel=\"sponsored nofollow\"><img decoding=\"async\" src=\"https:\/\/partner.verstappen.com\/i?c=38008&amp;m=2333706&amp;a=417959&amp;r=&amp;t=html\" width=\"336\" height=\"280\" border=\"0\" alt=\"\" \/><\/a><\/center>\n","protected":false},"excerpt":{"rendered":"<p>Sergio P\u00e9rez (35)\u00a0liet na 2024 tegen alle verwachtingen in de Red Bull-garage onder druk achter&#8230;<\/p>\n","protected":false},"author":1,"featured_media":476,"comment_status":"open","ping_status":"open","sticky":false,"template":"","format":"standard","meta":{"footnotes":""},"categories":[13],"tags":[14],"class_list":["post-472","post","type-post","status-publish","format-standard","has-post-thumbnail","hentry","category-formule-1","tag-formule-1"],"featured_image_urls":{"full":["https:\/\/www.247sportnieuws.nl\/wp-content\/uploads\/2025\/06\/perez-1.jpeg",1140,551,false],"thumbnail":["https:\/\/www.247sportnieuws.nl\/wp-content\/uploads\/2025\/06\/perez-1-150x150.jpeg",150,150,true],"medium":["https:\/\/www.247sportnieuws.nl\/wp-content\/uploads\/2025\/06\/perez-1-300x145.jpeg",300,145,true],"medium_large":["https:\/\/www.247sportnieuws.nl\/wp-content\/uploads\/2025\/06\/perez-1-768x371.jpeg",640,309,true],"large":["https:\/\/www.247sportnieuws.nl\/wp-content\/uploads\/2025\/06\/perez-1-1024x495.jpeg",640,309,true],"1536x1536":["https:\/\/www.247sportnieuws.nl\/wp-content\/uploads\/2025\/06\/perez-1.jpeg",1140,551,false],"2048x2048":["https:\/\/www.247sportnieuws.nl\/wp-content\/uploads\/2025\/06\/perez-1.jpeg",1140,551,false],"covernews-slider-full":["https:\/\/www.247sportnieuws.nl\/wp-content\/uploads\/2025\/06\/perez-1-1115x551.jpeg",1115,551,true],"covernews-slider-center":["https:\/\/www.247sportnieuws.nl\/wp-content\/uploads\/2025\/06\/perez-1-800x500.jpeg",800,500,true],"covernews-featured":["https:\/\/www.247sportnieuws.nl\/wp-content\/uploads\/2025\/06\/perez-1-1024x495.jpeg",1024,495,true],"covernews-medium":["https:\/\/www.247sportnieuws.nl\/wp-content\/uploads\/2025\/06\/perez-1-540x340.jpeg",540,340,true],"covernews-medium-square":["https:\/\/www.247sportnieuws.nl\/wp-content\/uploads\/2025\/06\/perez-1-400x250.jpeg",400,250,true]},"author_info":{"display_name":"admin","author_link":"https:\/\/www.247sportnieuws.nl\/index.php\/author\/admin\/"},"category_info":"<a href=\"https:\/\/www.247sportnieuws.nl\/index.php\/category\/formule-1\/\" rel=\"category tag\">Formule 1<\/a>","tag_info":"Formule 1","comment_count":"0","_links":{"self":[{"href":"https:\/\/www.247sportnieuws.nl\/index.php\/wp-json\/wp\/v2\/posts\/472","targetHints":{"allow":["GET"]}}],"collection":[{"href":"https:\/\/www.247sportnieuws.nl\/index.php\/wp-json\/wp\/v2\/posts"}],"about":[{"href":"https:\/\/www.247sportnieuws.nl\/index.php\/wp-json\/wp\/v2\/types\/post"}],"author":[{"embeddable":true,"href":"https:\/\/www.247sportnieuws.nl\/index.php\/wp-json\/wp\/v2\/users\/1"}],"replies":[{"embeddable":true,"href":"https:\/\/www.247sportnieuws.nl\/index.php\/wp-json\/wp\/v2\/comments?post=472"}],"version-history":[{"count":1,"href":"https:\/\/www.247sportnieuws.nl\/index.php\/wp-json\/wp\/v2\/posts\/472\/revisions"}],"predecessor-version":[{"id":475,"href":"https:\/\/www.247sportnieuws.nl\/index.php\/wp-json\/wp\/v2\/posts\/472\/revisions\/475"}],"wp:featuredmedia":[{"embeddable":true,"href":"https:\/\/www.247sportnieuws.nl\/index.php\/wp-json\/wp\/v2\/media\/476"}],"wp:attachment":[{"href":"https:\/\/www.247sportnieuws.nl\/index.php\/wp-json\/wp\/v2\/media?parent=472"}],"wp:term":[{"taxonomy":"category","embeddable":true,"href":"https:\/\/www.247sportnieuws.nl\/index.php\/wp-json\/wp\/v2\/categories?post=472"},{"taxonomy":"post_tag","embeddable":true,"href":"https:\/\/www.247sportnieuws.nl\/index.php\/wp-json\/wp\/v2\/tags?post=472"}],"curies":[{"name":"wp","href":"https:\/\/api.w.org\/{rel}","templated":true}]}}