{"id":462,"date":"2025-06-24T19:51:40","date_gmt":"2025-06-24T19:51:40","guid":{"rendered":"https:\/\/www.247sportnieuws.nl\/?p=462"},"modified":"2025-06-24T19:51:40","modified_gmt":"2025-06-24T19:51:40","slug":"leverkusen-klopt-aan-bij-psv-voor-malik-tillman","status":"publish","type":"post","link":"https:\/\/www.247sportnieuws.nl\/index.php\/2025\/06\/24\/leverkusen-klopt-aan-bij-psv-voor-malik-tillman\/","title":{"rendered":"Leverkusen klopt aan bij PSV voor Malik Tillman"},"content":{"rendered":"\n<p>Bayer Leverkusen, sinds eind mei onder leiding van trainer\u00a0<strong>Erik ten Hag<\/strong>, heeft PSV officieel benaderd om middenvelder\u00a0<strong>Malik Tillman<\/strong>\u00a0over te nemen. De Amerikaans-Duitse spelmaker prijkt bovenaan Ten Hags gewenste versterkingen nu de Duitse club een fors transferbudget heeft dankzij de recordverkoop van\u00a0<strong>Florian Wirtz<\/strong>\u00a0aan Liverpool (tot wel \u20ac 137 miljoen inclusief bonussen).<\/p>\n\n\n\n<hr class=\"wp-block-separator has-alpha-channel-opacity\"\/>\n\n\n\n<h3 class=\"wp-block-heading\">Prijskaartje en clausules<\/h3>\n\n\n\n<p>Leverkusen denkt Tillman voor\u00a0<strong>\u20ac 35 miljoen<\/strong>\u00a0te kunnen losweken \u2013 het bedrag van de\u00a0<strong>terugkoopclausule<\/strong>\u00a0die Bayern M\u00fcnchen vorig jaar liet opnemen bij zijn transfer naar PSV. Tot voor kort ging men ervan uit dat Bayern die optie pas in 2026 kon lichten, maar volgens Duitse media kan de Rekordmeister zich \u00f3\u00f3k deze zomer al melden. Het kamp-Tillman meent dat ieder club die som op tafel mag leggen zodra Bayern zich n\u00edet meldt. PSV betwist dat en houdt vol dat de clausule exclusief voor Bayern is. Partijen buigen zich nu over de juridische taal in het contract.<\/p>\n\n\n\n<hr class=\"wp-block-separator has-alpha-channel-opacity\"\/>\n\n\n\n<h3 class=\"wp-block-heading\">Waarom Ten Hag Tillman wil<\/h3>\n\n\n\n<ul class=\"wp-block-list\">\n<li><strong>Directe vervanger voor Wirtz:<\/strong>\u00a0Leverkusen ziet in Tillman een creatieve \u2018tien\u2019 met scorend vermogen (12 Eredivisie-doelpunten en 5 directe goal-betrokkenheden in de Champions League 2024\/25).\u00a0<\/li>\n\n\n\n<li><strong>Systeemkenner:<\/strong>\u00a0Ten Hag wil net als bij Ajax en Manchester United in een 4-2-3-1 spelen; Tillman past exact in de rol die voorheen door Wirtz werd bekleed.<\/li>\n\n\n\n<li><strong>Bundesliga-ervaring:<\/strong>\u00a0Voordat hij uitgeleend en verkocht werd, doorliep Tillman de jeugdopleiding van Bayern en debuteerde hij al in de Duitse top.<\/li>\n<\/ul>\n\n\n\n<hr class=\"wp-block-separator has-alpha-channel-opacity\"\/>\n\n\n\n<h3 class=\"wp-block-heading\">Transfersituatie bij Leverkusen<\/h3>\n\n\n\n<figure class=\"wp-block-table\"><table class=\"has-fixed-layout\"><thead><tr><th>Vertrokken<\/th><th>Bestemming<\/th><th>Vaste som*<\/th><\/tr><\/thead><tbody><tr><td>Florian Wirtz<\/td><td>Liverpool<\/td><td>\u20ac 117,5 m (+ \u20ac 18,8 m bonussen)<\/td><\/tr><tr><td>Jeremie Frimpong<\/td><td>Liverpool<\/td><td>\u20ac 40 m<\/td><\/tr><tr><td>Jonathan Tah<\/td><td>Bayern M\u00fcnchen<\/td><td>\u20ac 25 m<\/td><\/tr><\/tbody><\/table><\/figure>\n\n\n\n<p><em>*Bronnen in Engeland en Duitsland; bedragen exclusief variabelen.\u00a0<a href=\"https:\/\/www.reuters.com\/sports\/soccer\/liverpool-agree-1363-mln-euros-fee-sign-leverkusens-wirtz-reports-say-2025-06-13\/?utm_source=chatgpt.com\" target=\"_blank\" rel=\"noreferrer noopener\">reuters.com<\/a><\/em><\/p>\n\n\n\n<p>Deze uitgaande transfers leveren Leverkusen&nbsp;<strong>meer dan \u20ac 180 miljoen<\/strong>&nbsp;op. Naast Tillman mikt de club nog op een linksbenige centrale verdediger en een extra buitenspeler.<\/p>\n\n\n\n<hr class=\"wp-block-separator has-alpha-channel-opacity\"\/>\n\n\n\n<h3 class=\"wp-block-heading\">Standpunt PSV<\/h3>\n\n\n\n<p>PSV wil het geschil over de clausule eerst zwart-op-wit uitgeklaard hebben en mikt op een&nbsp;<strong>bedrag boven de \u20ac 40 miljoen<\/strong>&nbsp;als de clausule niet bindend blijkt voor derden. Algemeen directeur Marcel Brands benadrukt bovendien dat de Eindhovenaren sportief al rekening hielden met het vertrek van Guus Til en Tillman, maar hen niet allebei tegelijk willen laten gaan.<\/p>\n\n\n\n<hr class=\"wp-block-separator has-alpha-channel-opacity\"\/>\n\n\n\n<h3 class=\"wp-block-heading\">Engelse kapers op de kust<\/h3>\n\n\n\n<p>Chelsea en Tottenham volgen de ontwikkelingen, maar Tillman heeft volgens Duitse insiders al\u00a0<strong>mondelinge overeenstemming<\/strong>\u00a0met Leverkusen over een contract tot 2030. Dat zet druk op PSV om snel duidelijkheid te krijgen over de clausule \u2013 en eventueel de prijs op te voeren via bonussen of doorverkooppercentages.\u00a0<\/p>\n\n\n\n<hr class=\"wp-block-separator has-alpha-channel-opacity\"\/>\n\n\n\n<h3 class=\"wp-block-heading\">Mogelijk vervolg<\/h3>\n\n\n\n<ol class=\"wp-block-list\">\n<li><strong>Clausule bevestigd geldig voor iedereen<\/strong><br><em>Leverkusen legt \u20ac 35 miljoen neer, Tillman tekent spoedig.<\/em><\/li>\n\n\n\n<li><strong>Clausule exclusief voor Bayern<\/strong><br><em>PSV onderhandelt vrij; vraagprijs stijgt richting \u20ac 40\u201345 miljoen.<\/em><\/li>\n\n\n\n<li><strong>Bayern meldt zich onverwacht<\/strong><br><em>M\u00fcnchen activeert de optie, waarna Leverkusen en Engelse clubs enkel kunnen toeslaan als Bayern afziet of meteen doorverkoopt.<\/em><\/li>\n<\/ol>\n\n\n\n<p>De komende dagen worden bepalend: zodra de juridische interpretatie helder is, kan een akkoord in Eindhoven razendsnel rondkomen \u2013 of klapt het spel open voor een heuse biedingsstrijd.<\/p>\n\n\n\n<script type=\"text\/javascript\">\n\t(function(){\n\t\tvar d = document, wid = `tt-${parseInt(Math.random() * 9999999).toString(16)}`, se = d.getElementsByTagName(`script`), se_f = se[0], se_l = se[se.length - 1], tt = d.createElement(`script`), w = d.createElement(`div`);\n\t\tw.id = wid; se_l.parentNode.insertBefore(w, se_l); tt.type = `text\/javascript`, tt.async = true, tt.src = `https:\/\/rotator.tradetracker.net\/?r=97089&t=js&wid=${wid}`; se_f.parentNode.insertBefore(tt, se_f);\n\t})();\n<\/script>\n","protected":false},"excerpt":{"rendered":"<p>Bayer Leverkusen, sinds eind mei onder leiding van trainer\u00a0Erik ten Hag, heeft PSV officieel benaderd&#8230;<\/p>\n","protected":false},"author":1,"featured_media":463,"comment_status":"open","ping_status":"open","sticky":false,"template":"","format":"standard","meta":{"footnotes":""},"categories":[4],"tags":[9],"class_list":["post-462","post","type-post","status-publish","format-standard","has-post-thumbnail","hentry","category-sport","tag-voetbal"],"featured_image_urls":{"full":["https:\/\/www.247sportnieuws.nl\/wp-content\/uploads\/2025\/06\/Malik_Tillman.jpeg",1920,1080,false],"thumbnail":["https:\/\/www.247sportnieuws.nl\/wp-content\/uploads\/2025\/06\/Malik_Tillman-150x150.jpeg",150,150,true],"medium":["https:\/\/www.247sportnieuws.nl\/wp-content\/uploads\/2025\/06\/Malik_Tillman-300x169.jpeg",300,169,true],"medium_large":["https:\/\/www.247sportnieuws.nl\/wp-content\/uploads\/2025\/06\/Malik_Tillman-768x432.jpeg",640,360,true],"large":["https:\/\/www.247sportnieuws.nl\/wp-content\/uploads\/2025\/06\/Malik_Tillman-1024x576.jpeg",640,360,true],"1536x1536":["https:\/\/www.247sportnieuws.nl\/wp-content\/uploads\/2025\/06\/Malik_Tillman-1536x864.jpeg",1536,864,true],"2048x2048":["https:\/\/www.247sportnieuws.nl\/wp-content\/uploads\/2025\/06\/Malik_Tillman.jpeg",1920,1080,false],"covernews-slider-full":["https:\/\/www.247sportnieuws.nl\/wp-content\/uploads\/2025\/06\/Malik_Tillman-1115x715.jpeg",1115,715,true],"covernews-slider-center":["https:\/\/www.247sportnieuws.nl\/wp-content\/uploads\/2025\/06\/Malik_Tillman-800x500.jpeg",800,500,true],"covernews-featured":["https:\/\/www.247sportnieuws.nl\/wp-content\/uploads\/2025\/06\/Malik_Tillman-1024x576.jpeg",1024,576,true],"covernews-medium":["https:\/\/www.247sportnieuws.nl\/wp-content\/uploads\/2025\/06\/Malik_Tillman-540x340.jpeg",540,340,true],"covernews-medium-square":["https:\/\/www.247sportnieuws.nl\/wp-content\/uploads\/2025\/06\/Malik_Tillman-400x250.jpeg",400,250,true]},"author_info":{"display_name":"admin","author_link":"https:\/\/www.247sportnieuws.nl\/index.php\/author\/admin\/"},"category_info":"<a href=\"https:\/\/www.247sportnieuws.nl\/index.php\/category\/sport\/\" rel=\"category tag\">Sport<\/a>","tag_info":"Sport","comment_count":"0","_links":{"self":[{"href":"https:\/\/www.247sportnieuws.nl\/index.php\/wp-json\/wp\/v2\/posts\/462","targetHints":{"allow":["GET"]}}],"collection":[{"href":"https:\/\/www.247sportnieuws.nl\/index.php\/wp-json\/wp\/v2\/posts"}],"about":[{"href":"https:\/\/www.247sportnieuws.nl\/index.php\/wp-json\/wp\/v2\/types\/post"}],"author":[{"embeddable":true,"href":"https:\/\/www.247sportnieuws.nl\/index.php\/wp-json\/wp\/v2\/users\/1"}],"replies":[{"embeddable":true,"href":"https:\/\/www.247sportnieuws.nl\/index.php\/wp-json\/wp\/v2\/comments?post=462"}],"version-history":[{"count":1,"href":"https:\/\/www.247sportnieuws.nl\/index.php\/wp-json\/wp\/v2\/posts\/462\/revisions"}],"predecessor-version":[{"id":464,"href":"https:\/\/www.247sportnieuws.nl\/index.php\/wp-json\/wp\/v2\/posts\/462\/revisions\/464"}],"wp:featuredmedia":[{"embeddable":true,"href":"https:\/\/www.247sportnieuws.nl\/index.php\/wp-json\/wp\/v2\/media\/463"}],"wp:attachment":[{"href":"https:\/\/www.247sportnieuws.nl\/index.php\/wp-json\/wp\/v2\/media?parent=462"}],"wp:term":[{"taxonomy":"category","embeddable":true,"href":"https:\/\/www.247sportnieuws.nl\/index.php\/wp-json\/wp\/v2\/categories?post=462"},{"taxonomy":"post_tag","embeddable":true,"href":"https:\/\/www.247sportnieuws.nl\/index.php\/wp-json\/wp\/v2\/tags?post=462"}],"curies":[{"name":"wp","href":"https:\/\/api.w.org\/{rel}","templated":true}]}}