{"id":2193,"date":"2025-11-11T16:39:29","date_gmt":"2025-11-11T16:39:29","guid":{"rendered":"https:\/\/www.247sportnieuws.nl\/index.php\/2025\/11\/11\/emegha-in-oranje-stormram-met-toekomst-bij-chelsea\/"},"modified":"2025-11-11T16:39:29","modified_gmt":"2025-11-11T16:39:29","slug":"emegha-in-oranje-stormram-met-toekomst-bij-chelsea","status":"publish","type":"post","link":"https:\/\/www.247sportnieuws.nl\/index.php\/2025\/11\/11\/emegha-in-oranje-stormram-met-toekomst-bij-chelsea\/","title":{"rendered":"Emegha in Oranje: stormram met toekomst bij Chelsea"},"content":{"rendered":"<p>Emmanuel (Emanuel) Emegha is voor het eerst opgeroepen voor Oranje. Bondscoach Ronald Koeman voegde de 22-jarige spits van RC Strasbourg dinsdag toe aan zijn selectie in aanloop naar de WK-kwalificatiewedstrijden tegen Polen (vrijdag in Warschau, 20.45 uur) en Litouwen (maandag in Amsterdam, 20.45 uur). De oproep houdt rechtstreeks verband met de fitheid van Wout Weghorst. Voor Emegha, die zich dezelfde dag in Zeist meldde, is het zijn debuut in de A-selectie\u2014a proof of concept van een carri\u00e8re die niet in \u00e9\u00e9n rechte lijn omhoog ging, maar waarin hij steeds opnieuw voor zijn plek heeft gevochten.\u00a0<\/p>\n<p>Volgend jaar wacht bovendien de volgende grote stap: de 1,96 meter lange centrumspits verruilt Strasbourg in de zomer van 2026 voor Chelsea, een transfer die door de betrokken clubs reeds in september is bevestigd.\u00a0<\/p>\n<hr class=\"wp-block-separator has-alpha-channel-opacity\" \/>\n<h3 class=\"wp-block-heading\">De omweg: Sparta, Antwerp en de reset in Graz<\/h3>\n<p>Geboren in Den Haag, groeide Emegha op in de jeugd van Sparta Rotterdam, waar hij in 2020 debuteerde in het betaalde voetbal. In januari 2022 volgde een vroege buitenlandse transfer naar Royal Antwerp, maar daar stokte zijn doorbraak. Hij speelde amper en moest, zoals hij later toegaf, vooral bij zichzelf te rade gaan. De noodzakelijke reset kwam in de zomer van 2022 bij Sturm Graz. In Oostenrijk herontdekte hij ritme, vertrouwen en doelpunten, en pakte hij in 2023 meteen zijn eerste prijs met de winst van de \u00d6FB-Cup.\u00a0<\/p>\n<p>Die opleving leverde hem in juli 2023 een overstap naar RC Strasbourg op voor een transfersom rond \u20ac13 miljoen. In de Elzas groeide hij stap voor stap uit tot uithangbord.\u00a0<\/p>\n<hr class=\"wp-block-separator has-alpha-channel-opacity\" \/>\n<h3 class=\"wp-block-heading\">De doorbraak in Frankrijk: aanvoerder en goaltjesdief<\/h3>\n<p>Het seizoen 2024\/25 werd zijn echte doorbraak: 14 goals en 3 assists in 27 Ligue-1-duels, cijfers die Strasbourg naar Europees voetbal duwden en Emegha in de etalage zetten. Niet veel later kreeg hij voor 2025\/26 zelfs de aanvoerdersband om de arm.\u00a0<\/p>\n<p>Dat statusverlies er ook bij hoort, merkte hij dit najaar: na de bekendmaking van zijn toekomstige transfer naar Chelsea reageerde een deel van de aanhang afkeurend. Trainer Liam Rosenior noemde de behandeling \u201conacceptabel\u201d en sprong publiekelijk voor zijn captain in de bres\u2014een episode die Emegha alleen maar weerbaarder maakte. Kort erna keerde hij terug in de basis en bekroonde dat meteen met twee goals tegen Lille.\u00a0<\/p>\n<hr class=\"wp-block-separator has-alpha-channel-opacity\" \/>\n<h3 class=\"wp-block-heading\">Het Chelsea-plan: BlueCo, langetermijn en 2026<\/h3>\n<p>Chelsea en Strasbourg vallen onder dezelfde BlueCo-vlag. De Londenaren willen Emegha in een gecontroleerde setting klaarstomen voor de Premier League en lieten hem daarom nog \u00e9\u00e9n volledig seizoen in de Ligue 1. De deal is beklonken voor een overstap in de zomer van 2026\u2014het moment waarop hij fysiek, tactisch en mentaal maximaal rijp moet zijn voor Engeland.\u00a0<\/p>\n<p>Dat beleid is mede gestoeld op zijn productieve 2024\/25\u2014en de lijn zet zich door. In de nieuwe jaargang startte hij met een hoge output; Nederlandse media en internationale platforms wezen op zijn doelpuntenrendement \u00e9n het feit dat hij na blessureleed direct weer beslissend was.\u00a0<\/p>\n<hr class=\"wp-block-separator has-alpha-channel-opacity\" \/>\n<h3 class=\"wp-block-heading\">Speelstijl: targetman + sprinter<\/h3>\n<p>Emegha is qua profiel zeldzaam: bijna twee meter, maar met acceleratie en diepgang van een buitenspeler. Zijn toolkit:<\/p>\n<ul class=\"wp-block-list\">\n<li><strong>Diepte &amp; looplijnen:<\/strong>\u00a0hij dwingt verdedigingen achteruit en maakt ruimte voor nummer 10\u2019s en inverserende buitenspelers.<\/li>\n<li><strong>Koppend vermogen:<\/strong>\u00a0logisch met zijn lengte, maar vooral effectief door timing en positionering in het vijfmetergebied.<\/li>\n<li><strong>Rug naar de goal:<\/strong>\u00a0hij kan een lange bal vasthouden, kaatsen en zo het team laten opschuiven\u2014waardevol in fasen met hoge druk van de tegenstander.<\/li>\n<li><strong>Transities:<\/strong>\u00a0gevaarlijk in counters; wint zijn duels en zet meteen door.<\/li>\n<li><strong>Afwerking:<\/strong>\u00a0meeste goals komen uit \u00e9\u00e9n of twee balaanrakingen; hij kiest vaker voor de \u2018harde, lage\u2019 hoek dan de sierlijke krul.<\/li>\n<\/ul>\n<p>Voor Oranje brengt dat\u00a0<strong>een ander type spits<\/strong>\u00a0dan Memphis Depay of Weghorst: meer diepte en snelheid in de as dan Weghorst, meer pure \u2018nummer-9\u2019-referentie dan Memphis. Dat verklaart waarom Koeman hem als extra profiel toevoegde toen Weghorst een vraagteken werd.\u00a0<\/p>\n<hr class=\"wp-block-separator has-alpha-channel-opacity\" \/>\n<h3 class=\"wp-block-heading\">De oproep: timing en context<\/h3>\n<p>Koeman hield de deur al op een kier en hakte de knoop door toen Weghorst niet volledig fit bleek. Oranje speelt vrijdag uit tegen Polen en maandag thuis tegen Litouwen; Emegha kan in beide duels zijn debuut maken. De timing is logisch: hij zit in een vormpiek, en het elftal had precies zijn type nodig als plan-B of als late wissel om diepte en luchtmacht te brengen.\u00a0<\/p>\n<hr class=\"wp-block-separator has-alpha-channel-opacity\" \/>\n<h3 class=\"wp-block-heading\">Statistiek-snapshot<\/h3>\n<ul class=\"wp-block-list\">\n<li><strong>Leeftijd &amp; fysiek:<\/strong>\u00a022 jaar; 1,96 m.\u00a0<\/li>\n<li><strong>Strasbourg 2024\/25:<\/strong>\u00a014 goals, 3 assists in 27 Ligue-1-duels.\u00a0<\/li>\n<li><strong>2025\/26 (huidig):<\/strong>\u00a0snelle start met doelpunten; na blessure direct beslissend, inclusief een dubbelslag tegen Lille.\u00a0<a href=\"https:\/\/www.vi.nl\/nieuws\/emegha-slaat-terug-na-kritiek-heb-een-hoop-onzin-voorbij-zien-komen?utm_source=chatgpt.com\" target=\"_blank\" rel=\"noreferrer noopener\">vi.nl<\/a><\/li>\n<li><strong>Rol:<\/strong>\u00a0aanvoerder Strasbourg (vanaf juli 2025).\u00a0<\/li>\n<li><strong>Interlands:<\/strong>\u00a0eerste oproep A-Oranje in november 2025.\u00a0<\/li>\n<\/ul>\n<hr class=\"wp-block-separator has-alpha-channel-opacity\" \/>\n<h3 class=\"wp-block-heading\">Karakterstudie: veerkracht als rode draad<\/h3>\n<p>\u201cMoeten vechten voor je plek\u201d klinkt als een clich\u00e9, maar bij Emegha is het realiteit. De stap naar Antwerp kwam misschien te vroeg; in Graz leerde hij de hardheid van topvoetbal kennen \u00e9n om te gaan met tegenslag. In Strasbourg ontwikkelde hij zich van potentie tot patroon\u2014en overleefde hij vervolgens publieke kritiek na de Chelsea-aankondiging. Het tekent zijn\u00a0<strong>mentale veerkracht<\/strong>\u00a0dat hij prompt reageerde met goals \u00e9n dat hij, ondanks rumoer, de band om hield en het team bleef dragen.\u00a0<\/p>\n<hr class=\"wp-block-separator has-alpha-channel-opacity\" \/>\n<h3 class=\"wp-block-heading\">Wat betekent hij sportief voor Oranje?<\/h3>\n<p>Tegen tegenstanders die compact verdedigen, geeft Emegha Koeman:<\/p>\n<ol class=\"wp-block-list\">\n<li><strong>Plan-B in de lucht:<\/strong>\u00a0voorzetten en standaardsituaties krijgen een extra doelwit.<\/li>\n<li><strong>Plan-A in de diepte:<\/strong>\u00a0als Polen of Litouwen hoog durven te staan, kan hij achter de laatste linie worden weggestoken.<\/li>\n<li><strong>Balvastheid in aanvalszone 3:<\/strong>\u00a0het elftal kan hoger consolideren, waardoor backs en middenvelders kunnen aansluiten.<\/li>\n<li><strong>Pressing-anker:<\/strong>\u00a0met zijn stride sluit hij goed aan op Oranje\u2019s triggers, zeker wanneer Nederland vanuit 4-3-3 of 4-2-3-1 hoog wil jagen.<\/li>\n<\/ol>\n<p>De selectie is \u00f3\u00f3k een signaal: dit profiel hoort in de gereedschapskist richting 2026.\u00a0<\/p>\n<hr class=\"wp-block-separator has-alpha-channel-opacity\" \/>\n<h3 class=\"wp-block-heading\">En straks: Stamford Bridge<\/h3>\n<p>Chelsea investeert met het oog op het grotere plaatje. De Londense club wil een\u00a0<strong>complete, fysieke \u20189\u2019<\/strong>\u00a0die niet alleen afmaakt, maar ook ruimtes opent voor lopende tieners en dynamische wingers. De verwachting is dat Emegha\u2014in een competitie waar de luchtduels en omschakelmomenten n\u00f3g scherper zijn\u2014juist door zijn mix van lengte, snelheid en werkethos waardevol wordt. Dat het traject via Strasbourg loopt, is bewust: n\u00f3g een jaar primaire verantwoordelijkheid, Europese wedstrijden en de routine van een aanvoerdersrol, voor hij de sprong maakt<\/p>\n<div data-alt=\"Chelsea\" data-block-name=\"woocommerce\/featured-category\" data-category-id=\"60\" data-dim-ratio=\"10\" data-edit-mode=\"false\" class=\"wc-block-featured-category alignnone has-background-dim has-background-dim-10 wp-block-woocommerce-featured-category\">\n<div class=\"wc-block-featured-category__wrapper\">\n<div class=\"background-dim__overlay\"><\/div>\n<p><img decoding=\"async\" alt=\"Chelsea\" class=\"wc-block-featured-category__background-image lazyload\" data-src=\"https:\/\/www.voetbaltripsengeland.nl\/wp-content\/uploads\/2025\/08\/Chelsea-2-1024x682.jpeg\" title=\"Emegha in Oranje: stormram met toekomst bij Chelsea\" src=\"data:image\/svg+xml;base64,PHN2ZyB3aWR0aD0iMSIgaGVpZ2h0PSIxIiB4bWxucz0iaHR0cDovL3d3dy53My5vcmcvMjAwMC9zdmciPjwvc3ZnPg==\" style=\"--smush-placeholder-width: 1024px; --smush-placeholder-aspect-ratio: 1024\/682;\" \/><\/p>\n<h2 class=\"wc-block-featured-category__title\">Chelsea \/ Stamford Bridge<\/h2>\n<div class=\"wc-block-featured-category__description\"><\/div>\n<div class=\"wc-block-featured-category__link\">\n<div class=\"wp-block-buttons is-content-justification-center is-layout-flex wp-container-core-buttons-is-layout-a89b3969 wp-block-buttons-is-layout-flex\">\n<div class=\"wp-block-button\"><a class=\"wp-block-button__link wp-element-button\" href=\"https:\/\/www.voetbaltripsengeland.nl\/product-categorie\/stamford-bridge-premier-league\/\">bekijk hier<\/a><\/div>\n<\/div>\n<\/div>\n<\/div>\n<\/div>\n<p>Lees meer op <a href=\"https:\/\/www.voetbaltripsengeland.nl\/emegha-in-oranje-stormram-met-toekomst-bij-chelsea\/\">Voetbaltripsengeland<\/a><\/p>\n<p>\u200b<a href=\"https:\/\/www.voetbaltripsengeland.nl\/emegha-in-oranje-stormram-met-toekomst-bij-chelsea\/\" target=\"_blank\" class=\"feedzy-rss-link-icon\">Read More<\/a><\/p>","protected":false},"excerpt":{"rendered":"<p>Emmanuel (Emanuel) Emegha is voor het eerst opgeroepen voor Oranje. Bondscoach Ronald Koeman voegde de&#8230;<\/p>\n","protected":false},"author":1,"featured_media":2194,"comment_status":"open","ping_status":"open","sticky":false,"template":"","format":"standard","meta":{"footnotes":""},"categories":[4],"tags":[],"class_list":["post-2193","post","type-post","status-publish","format-standard","has-post-thumbnail","hentry","category-sport"],"featured_image_urls":{"full":["https:\/\/www.247sportnieuws.nl\/wp-content\/uploads\/2025\/11\/Chelsea-2-1024x682-VGNxeH.jpg",1024,682,false],"thumbnail":["https:\/\/www.247sportnieuws.nl\/wp-content\/uploads\/2025\/11\/Chelsea-2-1024x682-VGNxeH-150x150.jpg",150,150,true],"medium":["https:\/\/www.247sportnieuws.nl\/wp-content\/uploads\/2025\/11\/Chelsea-2-1024x682-VGNxeH-300x200.jpg",300,200,true],"medium_large":["https:\/\/www.247sportnieuws.nl\/wp-content\/uploads\/2025\/11\/Chelsea-2-1024x682-VGNxeH-768x512.jpg",640,427,true],"large":["https:\/\/www.247sportnieuws.nl\/wp-content\/uploads\/2025\/11\/Chelsea-2-1024x682-VGNxeH.jpg",640,426,false],"1536x1536":["https:\/\/www.247sportnieuws.nl\/wp-content\/uploads\/2025\/11\/Chelsea-2-1024x682-VGNxeH.jpg",1024,682,false],"2048x2048":["https:\/\/www.247sportnieuws.nl\/wp-content\/uploads\/2025\/11\/Chelsea-2-1024x682-VGNxeH.jpg",1024,682,false],"covernews-slider-full":["https:\/\/www.247sportnieuws.nl\/wp-content\/uploads\/2025\/11\/Chelsea-2-1024x682-VGNxeH.jpg",1024,682,false],"covernews-slider-center":["https:\/\/www.247sportnieuws.nl\/wp-content\/uploads\/2025\/11\/Chelsea-2-1024x682-VGNxeH-800x500.jpg",800,500,true],"covernews-featured":["https:\/\/www.247sportnieuws.nl\/wp-content\/uploads\/2025\/11\/Chelsea-2-1024x682-VGNxeH.jpg",1024,682,false],"covernews-medium":["https:\/\/www.247sportnieuws.nl\/wp-content\/uploads\/2025\/11\/Chelsea-2-1024x682-VGNxeH-540x340.jpg",540,340,true],"covernews-medium-square":["https:\/\/www.247sportnieuws.nl\/wp-content\/uploads\/2025\/11\/Chelsea-2-1024x682-VGNxeH-400x250.jpg",400,250,true]},"author_info":{"display_name":"admin","author_link":"https:\/\/www.247sportnieuws.nl\/index.php\/author\/admin\/"},"category_info":"<a href=\"https:\/\/www.247sportnieuws.nl\/index.php\/category\/sport\/\" rel=\"category tag\">Sport<\/a>","tag_info":"Sport","comment_count":"0","_links":{"self":[{"href":"https:\/\/www.247sportnieuws.nl\/index.php\/wp-json\/wp\/v2\/posts\/2193","targetHints":{"allow":["GET"]}}],"collection":[{"href":"https:\/\/www.247sportnieuws.nl\/index.php\/wp-json\/wp\/v2\/posts"}],"about":[{"href":"https:\/\/www.247sportnieuws.nl\/index.php\/wp-json\/wp\/v2\/types\/post"}],"author":[{"embeddable":true,"href":"https:\/\/www.247sportnieuws.nl\/index.php\/wp-json\/wp\/v2\/users\/1"}],"replies":[{"embeddable":true,"href":"https:\/\/www.247sportnieuws.nl\/index.php\/wp-json\/wp\/v2\/comments?post=2193"}],"version-history":[{"count":0,"href":"https:\/\/www.247sportnieuws.nl\/index.php\/wp-json\/wp\/v2\/posts\/2193\/revisions"}],"wp:featuredmedia":[{"embeddable":true,"href":"https:\/\/www.247sportnieuws.nl\/index.php\/wp-json\/wp\/v2\/media\/2194"}],"wp:attachment":[{"href":"https:\/\/www.247sportnieuws.nl\/index.php\/wp-json\/wp\/v2\/media?parent=2193"}],"wp:term":[{"taxonomy":"category","embeddable":true,"href":"https:\/\/www.247sportnieuws.nl\/index.php\/wp-json\/wp\/v2\/categories?post=2193"},{"taxonomy":"post_tag","embeddable":true,"href":"https:\/\/www.247sportnieuws.nl\/index.php\/wp-json\/wp\/v2\/tags?post=2193"}],"curies":[{"name":"wp","href":"https:\/\/api.w.org\/{rel}","templated":true}]}}